{"id":1032,"date":"2024-10-18T13:03:33","date_gmt":"2024-10-18T13:03:33","guid":{"rendered":"http:\/\/www.maratonturk.com\/?p=1032"},"modified":"2024-10-18T15:30:03","modified_gmt":"2024-10-18T15:30:03","slug":"onun-adi-mehmet-akif","status":"publish","type":"post","link":"http:\/\/www.maratonturk.com\/?p=1032","title":{"rendered":"Onun Ad\u0131 Mehmet Akif !"},"content":{"rendered":"\n<p><strong>YORUM<\/strong><\/p>\n\n\n\n<p><strong>RAGIP TEK\u0130N<\/strong><\/p>\n\n\n\n<p><\/p>\n\n\n\n<p>Zaman\u0131n \u00f6nde gelen edebi zihinlerinden biri olarak kabul edilen, \u0130stiklal Mar\u015f\u0131&#8217;n\u0131n yazar\u0131 Mehmet Akif Ersoy, m\u0131sralar\u0131ndan birinde \u015f\u00f6yle sesleniyor; &#8220;Hangi \u00e7\u0131lg\u0131n bana zincir vuracakm\u0131\u015f? \u015ea\u015far\u0131m!&#8221; <\/p>\n\n\n\n<p>Voleybol ba\u015fkanl\u0131\u011f\u0131 i\u00e7in son anda siyaseten bir aday daha \u00e7\u0131kart\u0131l\u0131yor&#8230;<\/p>\n\n\n\n<p>Bunun \u00fczerine; Voleybol Federasyonu Ba\u015fkan\u0131 Mehmet Akif \u00dcst\u00fcnda\u011f ise diyor ki: &#8220;Voleybola yak\u0131\u015fan, centilmence her aday\u0131n voleybola hizmet edece\u011fi anlay\u0131\u015f\u0131yla, her zaman aday veya adaylar\u0131n olmas\u0131n\u0131 arzu etmi\u015ftik. Herkesin ortak paydas\u0131 voleybola hizmet etmektir.&#8221;<\/p>\n\n\n\n<p>\u00dclkesinin gurur kayna\u011f\u0131 olan T\u00fcrkiye Voleybol Federasyonu Ba\u015fkan\u0131 Mehmet Akif \u00dcst\u00fcnda\u011f&#8217;a i\u00e7imizdeki \u0130zlandal\u0131lardan birileri de zincir vurmaya kalk\u0131\u015ft\u0131!!!<\/p>\n\n\n\n<p>Ben de \u015fa\u015ft\u0131m bunu yaratmak isteyenlere&#8230; Aman dikkat!&nbsp;<br>Kar\u015f\u0131n\u0131zdaki insan\u0131 iyi tan\u0131y\u0131n!<\/p>\n\n\n\n<p>Voleybol bran\u015f\u0131n\u0131 T\u00fcrkiye&#8217;nin bir numaras\u0131 haline getiren, Avrupa ve D\u00fcnya&#8217;n\u0131n doruklar\u0131na ad\u0131n\u0131 yazd\u0131ran, her T\u00fcrk vatanda\u015f\u0131n\u0131 voleybol sever olarak salonlara \u00e7eken, Milli ma\u00e7larda ise TV ba\u015f\u0131na kilitleyen, \u00fclkesini<br>&#8220;Biz Voleybol \u00fclkesiyiz&#8221; diyerek toplumun en s\u0131k\u0131nt\u0131l\u0131 zamanlar\u0131nda bile gurur kayna\u011f\u0131 olan bir Voleybol ba\u015fkan\u0131na destek olmak, g\u00f6revlerimizin ba\u015f\u0131nda gelmelidir.<\/p>\n\n\n\n<p>Liyakat mi, sadakat mi?<\/p>\n\n\n\n<p>Herkes gibi ben de liyakatten yanay\u0131m. Bu meziyet kolay kolay elde edilemez&#8230;<\/p>\n\n\n\n<p>Ba\u015fkan Akif de Malatya&#8217;da ba\u015flad\u0131\u011f\u0131 bu voleybol sevgisini zaman i\u00e7inde \u00fclkesinin her yerine ula\u015ft\u0131rd\u0131. Spor ile E\u011fitimi&nbsp;ise, Avrupa&#8217;da art\u0131k ad\u0131 ge\u00e7meyen, malum bir federasyondan seneler \u00f6nce bir araya getirmeyi ba\u015fard\u0131. Bu nedenle, devletin maddi deste\u011finin de rakamsal olarak en y\u00fckse\u011finin&nbsp;voleybola verilmesi<br>gerekti\u011fini d\u00fc\u015f\u00fcn\u00fcyorum. \u00c7\u00fcnk\u00fc ger\u00e7ekler bunu s\u00f6yl\u00fcyor&#8230;<\/p>\n\n\n\n<p>Ankara denince akl\u0131ma ilk \u00f6nce D\u00fcnya Lideri&nbsp;Gazi Mustafa Kemal ATAT\u00dcRK, sonra&nbsp;da Mehmet Akif \u00dcst\u00fcnda\u011f geliyor. Unutmadan s\u00f6ylemeliyim; &#8220;Mudanya \u0130l\u00e7esi denince de, ba\u015far\u0131l\u0131 Belediye Ba\u015fkan\u0131 Deniz Dalg\u0131\u00e7&#8217;\u0131 hat\u0131rl\u0131yorum.&#8221;<\/p>\n\n\n\n<p>T\u00fcrkiye Voleybol Federasyonu Ba\u015fkan\u0131 \u00dcst\u00fcnda\u011f, bug\u00fcn voleybolun Evliya \u00c7elebi&#8217;si olarak ayak basmad\u0131\u011f\u0131 toprak kalmad\u0131. Spor salonlar\u0131ndan, Deprem alanlar\u0131na kadar uzand\u0131. Bunu baz\u0131lar\u0131 kendi \u015fahsi \u00e7\u0131karlar\u0131 i\u00e7in belki g\u00f6rmemezlikten geldi. T\u00fcrk toplumu \u00f6yle y\u00fcce bir topluluktur ki, toplumu i\u00e7in iyi ve g\u00fczel \u015feylere imza atan ki\u015fileri asla unutmaz.<\/p>\n\n\n\n<p>Anlatabildim mi?<\/p>\n\n\n\n<p>\u0130\u015fte bu kadar!<\/p>\n\n\n\n<p>Tebrikler T\u00fcrkiye Voleybol Federasyonu Ba\u015fkan\u0131 Mehmet Akif \u00dcST\u00dcNDA\u011e.<\/p>\n","protected":false},"excerpt":{"rendered":"<p>YORUM RAGIP TEK\u0130N Zaman\u0131n \u00f6nde gelen edebi zihinlerinden biri olarak kabul edilen, \u0130stiklal Mar\u015f\u0131&#8217;n\u0131n yazar\u0131 Mehmet Akif Ersoy, m\u0131sralar\u0131ndan birinde \u015f\u00f6yle sesleniyor; &#8220;Hangi \u00e7\u0131lg\u0131n bana<\/p>\n","protected":false},"author":1,"featured_media":1057,"comment_status":"open","ping_status":"open","sticky":false,"template":"","format":"standard","meta":[],"categories":[2],"tags":[],"_links":{"self":[{"href":"http:\/\/www.maratonturk.com\/index.php?rest_route=\/wp\/v2\/posts\/1032"}],"collection":[{"href":"http:\/\/www.maratonturk.com\/index.php?rest_route=\/wp\/v2\/posts"}],"about":[{"href":"http:\/\/www.maratonturk.com\/index.php?rest_route=\/wp\/v2\/types\/post"}],"author":[{"embeddable":true,"href":"http:\/\/www.maratonturk.com\/index.php?rest_route=\/wp\/v2\/users\/1"}],"replies":[{"embeddable":true,"href":"http:\/\/www.maratonturk.com\/index.php?rest_route=%2Fwp%2Fv2%2Fcomments&post=1032"}],"version-history":[{"count":10,"href":"http:\/\/www.maratonturk.com\/index.php?rest_route=\/wp\/v2\/posts\/1032\/revisions"}],"predecessor-version":[{"id":1060,"href":"http:\/\/www.maratonturk.com\/index.php?rest_route=\/wp\/v2\/posts\/1032\/revisions\/1060"}],"wp:featuredmedia":[{"embeddable":true,"href":"http:\/\/www.maratonturk.com\/index.php?rest_route=\/wp\/v2\/media\/1057"}],"wp:attachment":[{"href":"http:\/\/www.maratonturk.com\/index.php?rest_route=%2Fwp%2Fv2%2Fmedia&parent=1032"}],"wp:term":[{"taxonomy":"category","embeddable":true,"href":"http:\/\/www.maratonturk.com\/index.php?rest_route=%2Fwp%2Fv2%2Fcategories&post=1032"},{"taxonomy":"post_tag","embeddable":true,"href":"http:\/\/www.maratonturk.com\/index.php?rest_route=%2Fwp%2Fv2%2Ftags&post=1032"}],"curies":[{"name":"wp","href":"https:\/\/api.w.org\/{rel}","templated":true}]}}