{"id":1010,"date":"2024-10-11T11:20:27","date_gmt":"2024-10-11T11:20:27","guid":{"rendered":"http:\/\/www.maratonturk.com\/?p=1010"},"modified":"2024-10-11T14:46:17","modified_gmt":"2024-10-11T14:46:17","slug":"secimi-kaybeden-akpli-gozunu-voleybol-federasyonu-baskanligina-dikti","status":"publish","type":"post","link":"http:\/\/www.maratonturk.com\/?p=1010","title":{"rendered":"Se\u00e7imi kaybeden AKP&#8217;li g\u00f6z\u00fcn\u00fc voleybol federasyonu ba\u015fkanl\u0131\u011f\u0131na dikti"},"content":{"rendered":"<div class=\"wp-block-image\">\n<figure class=\"aligncenter size-full is-resized\"><img decoding=\"async\" loading=\"lazy\" src=\"http:\/\/www.maratonturk.com\/wp-content\/uploads\/2024\/10\/image-9.png\" alt=\"\" class=\"wp-image-1011\" width=\"151\" height=\"178\" srcset=\"http:\/\/www.maratonturk.com\/wp-content\/uploads\/2024\/10\/image-9.png 300w, http:\/\/www.maratonturk.com\/wp-content\/uploads\/2024\/10\/image-9-254x300.png 254w\" sizes=\"(max-width: 151px) 100vw, 151px\" \/><figcaption class=\"wp-element-caption\"><strong>\u015eansal B\u00fcy\u00fcka<\/strong><\/figcaption><\/figure><\/div>\n\n\n<p><strong>\u015eansal B\u00fcy\u00fcka<\/strong><\/p>\n\n\n\n<p><\/p>\n\n\n\n<p>Bizim \u00fclkede\u00a0<strong>\u201chi\u00e7bir ba\u015far\u0131 cezas\u0131z kalmaz\u2026&#8221;<\/strong>\u00a0Buna al\u0131\u015ft\u0131k art\u0131k\u2026<br>Ama bu defa \u00e7ok farkl\u0131\u2026<br>\u0130nsana\u00a0<strong>\u201cyok art\u0131k, bu kadar\u0131na da pes&#8221;<\/strong>\u00a0dedirten bir geli\u015fme var\u2026<br>T\u00fcrk voleybolunu d\u00fcnya markas\u0131 haline getiren\u2026<br>Ulusal forma ile tak\u0131m\u0131m\u0131za d\u00fcnya, Avrupa, milletler kupas\u0131 \u015fampiyonluklar\u0131 ya\u015fatan\u2026<br>Kul\u00fcplerimizin ayn\u0131 ba\u015far\u0131y\u0131 yakalamas\u0131nda b\u00fcy\u00fck katk\u0131s\u0131 olan\u2026<br>T\u00fcrk voleybolunu\u00a0<strong>d\u00fcnyan\u0131n bir numaral\u0131 markas\u0131<\/strong>\u00a0yapan\u2026<br>Gelmi\u015f ge\u00e7mi\u015f en ba\u015far\u0131l\u0131\u00a0<strong>Voleybol Federasyonu Ba\u015fkan\u0131 Mehmet Akif \u00dcst\u00fcnda\u011f<\/strong>\u2019\u0131n kar\u015f\u0131s\u0131na aday\u00a0<strong>\u00e7\u0131kartt\u0131lar\u2026<\/strong><br>Elbette demokratik bir ortam var, her se\u00e7imde herkesin kar\u015f\u0131s\u0131na bir ya da birden fazla aday \u00e7\u0131kabilir\u2026<br>Ama bu aday \u00f6yle de\u011fil\u2026<br><strong>Mehmet Akif \u00dcst\u00fcnda\u011f<\/strong>&#8216;\u0131n kar\u015f\u0131s\u0131na siyaseten bir aday \u00e7\u0131kartt\u0131lar\u2026<br>\u00c7\u0131kan aday ge\u00e7en yerel se\u00e7imde Mudanya\u2019dan\u00a0<strong>AK Parti Belediye Ba\u015fkan aday\u0131<\/strong>\u00a0olan ve se\u00e7imi\u00a0<strong>kaybeden<\/strong>\u00a0bir isim\u2026<br>Kaybedene mutlaka bir yer bulunacak ya\u2026<br>Getirdiler,\u00a0<strong>Mehmet Akif \u00dcst\u00fcnda\u011f<\/strong>&#8216;\u0131n kar\u015f\u0131s\u0131na aday yapt\u0131lar\u2026<br>\u00d6nemli de\u011fil, normal bir se\u00e7imde Mehmet Akif \u00dcst\u00fcnda\u011f zaten\u00a0<strong>ezer ge\u00e7er\u2026<\/strong><br>Ama bu aday\u0131n arkas\u0131nda eski bir Bakan ile halen\u00a0<strong>Bakan Yard\u0131mc\u0131s\u0131<\/strong>\u00a0olan bir ismin oldu\u011fu \u00e7ok g\u00fc\u00e7l\u00fc bi\u00e7imde s\u00f6yleniyor\u2026<br>Oy kullanacak delegelere siyaseten bask\u0131 yapt\u0131klar\u0131 iddia ediliyor\u2026<br>Say\u0131n Cumhurba\u015fkan\u0131\u00a0<strong>Recep Tayyip Erdo\u011fan<\/strong>&#8216;\u0131n bu geli\u015fmeden haberi oldu\u011funu hi\u00e7 sanm\u0131yorum\u2026<br>Bilse, ger\u00e7ekleri \u00f6\u011frense derhal m\u00fcdahale edece\u011fine hi\u00e7 ku\u015fkum yok\u2026<br>\u00c7\u00fcnk\u00fc Say\u0131n Cumhurba\u015fkan\u0131 sporun her bran\u015f\u0131n\u0131n \u00e7ok i\u00e7inde\u2026\u00a0<strong>Seviyor, izliyor, biliyor\u2026<\/strong><br>Say\u0131n Cumhurba\u015fkan\u0131na yak\u0131n olanlar ve \u00fclkesini sevenler hi\u00e7 zaman yitirmeden kendilerine ger\u00e7e\u011fi ve geli\u015fmeleri aktarmal\u0131\u2026<br>Voleybolda d\u00fcnyan\u0131n en iyi tak\u0131m\u0131 bizde, en iyi ligi bizde, gen\u00e7lerimiz yenilmeden Avrupa \u015fampiyonu  oldular\u2026<br>Voleybolun bug\u00fcn\u00fc &#8211; yar\u0131n\u0131, her \u015feyi emin ellerde&#8230;<br>D\u00fcnya bunun fark\u0131nda\u2026 Adam\u0131,\u00a0<strong>D\u00fcnya Voleybol Konseyi<\/strong>&#8216;nin ba\u015fkan\u0131 yapmaya \u00e7al\u0131\u015f\u0131yorlar\u2026<br>Biz ayn\u0131 adam\u0131 siyasi tezgahla indirmeye \u00e7al\u0131\u015f\u0131yoruz\u2026<br>Hat\u0131r, torpil, sadakat, yanda\u015fl\u0131k hepsi tamam da, bu kadar\u0131 ger\u00e7ekten \u00e7ok fazla\u2026<br>Hi\u00e7 olmazsa duraca\u011f\u0131n\u0131z yeri bilin\u2026<br>Bug\u00fcn\u00a0<strong>Mehmet Akif \u00dcst\u00fcnda\u011f<\/strong>&#8216;\u0131 federasyon ba\u015fkanl\u0131\u011f\u0131ndan indirmeye \u00e7al\u0131\u015fmak,\u00a0<strong>T\u00fcrk voleyboluna, T\u00fcrk sporuna<\/strong>\u00a0ihanet etmekten ba\u015fka \u015fey de\u011fildir\u2026<br><strong>Umar\u0131m bu yanl\u0131\u015ftan, hemen, \u015fimdi, derhal d\u00f6n\u00fcl\u00fcr&#8230;<\/strong><\/p>\n","protected":false},"excerpt":{"rendered":"<p>\u015eansal B\u00fcy\u00fcka Bizim \u00fclkede\u00a0\u201chi\u00e7bir ba\u015far\u0131 cezas\u0131z kalmaz\u2026&#8221;\u00a0Buna al\u0131\u015ft\u0131k art\u0131k\u2026Ama bu defa \u00e7ok farkl\u0131\u2026\u0130nsana\u00a0\u201cyok art\u0131k, bu kadar\u0131na da pes&#8221;\u00a0dedirten bir geli\u015fme var\u2026T\u00fcrk voleybolunu d\u00fcnya markas\u0131 haline<\/p>\n","protected":false},"author":1,"featured_media":1012,"comment_status":"open","ping_status":"open","sticky":false,"template":"","format":"standard","meta":[],"categories":[2],"tags":[],"_links":{"self":[{"href":"http:\/\/www.maratonturk.com\/index.php?rest_route=\/wp\/v2\/posts\/1010"}],"collection":[{"href":"http:\/\/www.maratonturk.com\/index.php?rest_route=\/wp\/v2\/posts"}],"about":[{"href":"http:\/\/www.maratonturk.com\/index.php?rest_route=\/wp\/v2\/types\/post"}],"author":[{"embeddable":true,"href":"http:\/\/www.maratonturk.com\/index.php?rest_route=\/wp\/v2\/users\/1"}],"replies":[{"embeddable":true,"href":"http:\/\/www.maratonturk.com\/index.php?rest_route=%2Fwp%2Fv2%2Fcomments&post=1010"}],"version-history":[{"count":2,"href":"http:\/\/www.maratonturk.com\/index.php?rest_route=\/wp\/v2\/posts\/1010\/revisions"}],"predecessor-version":[{"id":1015,"href":"http:\/\/www.maratonturk.com\/index.php?rest_route=\/wp\/v2\/posts\/1010\/revisions\/1015"}],"wp:featuredmedia":[{"embeddable":true,"href":"http:\/\/www.maratonturk.com\/index.php?rest_route=\/wp\/v2\/media\/1012"}],"wp:attachment":[{"href":"http:\/\/www.maratonturk.com\/index.php?rest_route=%2Fwp%2Fv2%2Fmedia&parent=1010"}],"wp:term":[{"taxonomy":"category","embeddable":true,"href":"http:\/\/www.maratonturk.com\/index.php?rest_route=%2Fwp%2Fv2%2Fcategories&post=1010"},{"taxonomy":"post_tag","embeddable":true,"href":"http:\/\/www.maratonturk.com\/index.php?rest_route=%2Fwp%2Fv2%2Ftags&post=1010"}],"curies":[{"name":"wp","href":"https:\/\/api.w.org\/{rel}","templated":true}]}}